{"id":148995,"date":"2026-04-29T08:25:46","date_gmt":"2026-04-29T06:25:46","guid":{"rendered":"https:\/\/www.cgt-protelco.fr\/?p=148995"},"modified":"2026-04-29T08:25:46","modified_gmt":"2026-04-29T06:25:46","slug":"news-speciale-election-cse-3-2-2-4-2-2-2-2-2-2-2-2-2-2-2-3-2-2-2","status":"publish","type":"post","link":"https:\/\/www.cgt-protelco.fr\/?p=148995","title":{"rendered":"Communiqu\u00e9 CGT PROTELCO du 15 avril 2026. \ud83d\udce2 NAO 2026 &#8211; R\u00e9union n\u00b02 : La Direction cherche des excuses, la CGT maintient la pression !"},"content":{"rendered":"<p>\ud83d\udce2 NAO 2026 &#8211; R\u00e9union n\u00b02 : La Direction cherche des excuses, la CGT maintient la pression !<\/p>\n<p>Bonjour \u00e0 tous,<\/p>\n<div id=\"model-response-message-contentr_7a77c0916ef2e41a\" class=\"markdown markdown-main-panel stronger enable-updated-hr-color\" dir=\"ltr\" aria-live=\"polite\" aria-busy=\"false\">\n<p data-path-to-node=\"3\"><b data-path-to-node=\"3\" data-index-in-node=\"0\">Camarades, Coll\u00e8gues,<\/b><\/p>\n<p id=\"p-rc_c1ae30f95eef0215-27\" data-path-to-node=\"4\"><span data-path-to-node=\"4,0\">La deuxi\u00e8me r\u00e9union de n\u00e9gociation de nos NAO 2026 vient de s&rsquo;achever<\/span><span data-path-to-node=\"4,2\">. Le constat est sans appel : face \u00e0 une Direction qui tente de gagner du temps et un tandem FO-CFTC qui se contente de r\u00e9clamer des miettes, la CGT FAPT est la seule organisation \u00e0 monter au cr\u00e9neau pour vous d\u00e9fendre<\/span><span data-path-to-node=\"4,4\">.<\/span><\/p>\n<p data-path-to-node=\"5\">Dans le communiqu\u00e9 complet \u00e0 lire ci-dessous, d\u00e9couvrez la r\u00e9alit\u00e9 des \u00e9changes \u00e0 la table des n\u00e9gociations concernant :<\/p>\n<ul data-path-to-node=\"6\">\n<li>\n<p id=\"p-rc_c1ae30f95eef0215-28\" data-path-to-node=\"6,0,0\"><span data-path-to-node=\"6,0,0,0\"><b data-path-to-node=\"6,0,0,0\" data-index-in-node=\"0\">Les salaires et le pouvoir d&rsquo;achat :<\/b> Notre exigence d&rsquo;augmentations r\u00e9troactives au 1er janvier 2026 et notre forcing face aux r\u00e9ticences de la Direction sur la Prime Carburant<\/span><span data-path-to-node=\"6,0,0,2\">.<\/span><\/p>\n<\/li>\n<li>\n<p id=\"p-rc_c1ae30f95eef0215-29\" data-path-to-node=\"6,1,0\"><span data-path-to-node=\"6,1,0,0\"><b data-path-to-node=\"6,1,0,0\" data-index-in-node=\"0\">Vos conditions de travail :<\/b> Notre refus d&rsquo;attendre un hypoth\u00e9tique \u00ab\u00a0outil informatique\u00a0\u00bb pour valider la flexibilit\u00e9 de vos horaires<\/span><span data-path-to-node=\"6,1,0,2\">.<\/span><\/p>\n<\/li>\n<li>\n<p id=\"p-rc_c1ae30f95eef0215-30\" data-path-to-node=\"6,2,0\"><span data-path-to-node=\"6,2,0,0\"><b data-path-to-node=\"6,2,0,0\" data-index-in-node=\"0\">Le scandale des cong\u00e9s d&rsquo;\u00e9t\u00e9 :<\/b> Notre d\u00e9nonciation des sous-effectifs qui emp\u00eachent de nombreux coll\u00e8gues de poser leurs cong\u00e9s pay\u00e9s en juillet et ao\u00fbt<\/span><span data-path-to-node=\"6,2,0,2\">.<\/span><\/p>\n<\/li>\n<\/ul>\n<p id=\"p-rc_c1ae30f95eef0215-31\" data-path-to-node=\"7\"><span data-path-to-node=\"7,0\"><b data-path-to-node=\"7,0\" data-index-in-node=\"0\">La parole sera \u00e0 vous !<\/b> \u00c0 la CGT FAPT, nous ne d\u00e9cidons pas seuls en chambre ferm\u00e9e : c&rsquo;est vous, les salari\u00e9s, qui serez consult\u00e9s pour statuer sur les suites \u00e0 donner \u00e0 ces n\u00e9gociations<\/span><span data-path-to-node=\"7,2\">.<\/span><\/p>\n<p id=\"p-rc_c1ae30f95eef0215-32\" data-path-to-node=\"8\"><span data-path-to-node=\"8,0\">Prenez connaissance de notre tract d\u00e9taill\u00e9 et retrouvez \u00e9galement <b data-path-to-node=\"8,0\" data-index-in-node=\"67\">notre infographie pratique pour bien poser vos cong\u00e9s pay\u00e9s<\/b><\/span><span data-path-to-node=\"8,2\">.<\/span><\/p>\n<p id=\"p-rc_c1ae30f95eef0215-33\" data-path-to-node=\"9\"><span data-path-to-node=\"9,0\">Ne restez pas isol\u00e9s, le rapport de force est notre seul levier<\/span><span data-path-to-node=\"9,2\">.<\/span><\/p>\n<p data-path-to-node=\"10\"><b data-path-to-node=\"10\" data-index-in-node=\"0\">Syndiquez-vous, rejoignez la CGT FAPT !<\/b><\/p>\n<p data-path-to-node=\"12\">\ud83d\udc47 <b data-path-to-node=\"12\" data-index-in-node=\"3\">Consultez et t\u00e9l\u00e9chargez le communiqu\u00e9 complet ci-dessous :<\/b><\/p>\n<p data-path-to-node=\"13\">Le Collectif F\u00e9d\u00e9ral CGT FAPT de Protelco<\/p>\n<\/div>\n<h1 style=\"text-align: center;\"><a href=\"https:\/\/www.cgt-protelco.fr\/wp-content\/uploads\/2026\/04\/Communique-section-CGT-Protelco-reunion-2-NAO-2026-V1.pdf\"><img data-recalc-dims=\"1\" loading=\"lazy\" decoding=\"async\" data-attachment-id=\"148936\" data-permalink=\"https:\/\/www.cgt-protelco.fr\/?attachment_id=148936\" data-orig-file=\"https:\/\/i0.wp.com\/www.cgt-protelco.fr\/wp-content\/uploads\/2025\/10\/Image-com-CGT-protelco-2025.png?fit=1024%2C1024&amp;ssl=1\" data-orig-size=\"1024,1024\" data-comments-opened=\"1\" data-image-meta=\"{&quot;aperture&quot;:&quot;0&quot;,&quot;credit&quot;:&quot;&quot;,&quot;camera&quot;:&quot;&quot;,&quot;caption&quot;:&quot;&quot;,&quot;created_timestamp&quot;:&quot;0&quot;,&quot;copyright&quot;:&quot;&quot;,&quot;focal_length&quot;:&quot;0&quot;,&quot;iso&quot;:&quot;0&quot;,&quot;shutter_speed&quot;:&quot;0&quot;,&quot;title&quot;:&quot;&quot;,&quot;orientation&quot;:&quot;0&quot;}\" data-image-title=\"Image com CGT protelco 2025\" data-image-description=\"\" data-image-caption=\"\" data-large-file=\"https:\/\/i0.wp.com\/www.cgt-protelco.fr\/wp-content\/uploads\/2025\/10\/Image-com-CGT-protelco-2025.png?fit=1024%2C1024&amp;ssl=1\" class=\"aligncenter wp-image-148936 size-medium\" src=\"https:\/\/i0.wp.com\/www.cgt-protelco.fr\/wp-content\/uploads\/2025\/10\/Image-com-CGT-protelco-2025.png?resize=300%2C300&#038;ssl=1\" alt=\"\" width=\"300\" height=\"300\" srcset=\"https:\/\/i0.wp.com\/www.cgt-protelco.fr\/wp-content\/uploads\/2025\/10\/Image-com-CGT-protelco-2025.png?resize=300%2C300&amp;ssl=1 300w, https:\/\/i0.wp.com\/www.cgt-protelco.fr\/wp-content\/uploads\/2025\/10\/Image-com-CGT-protelco-2025.png?resize=150%2C150&amp;ssl=1 150w, https:\/\/i0.wp.com\/www.cgt-protelco.fr\/wp-content\/uploads\/2025\/10\/Image-com-CGT-protelco-2025.png?resize=768%2C768&amp;ssl=1 768w, https:\/\/i0.wp.com\/www.cgt-protelco.fr\/wp-content\/uploads\/2025\/10\/Image-com-CGT-protelco-2025.png?w=1024&amp;ssl=1 1024w\" sizes=\"auto, (max-width: 300px) 100vw, 300px\" \/><\/a><a href=\"https:\/\/www.cgt-protelco.fr\/wp-content\/uploads\/2026\/04\/Communique-section-CGT-Protelco-reunion-2-NAO-2026-V1.pdf\"><img loading=\"lazy\" decoding=\"async\" class=\"aligncenter\" src=\"https:\/\/i0.wp.com\/www.cgt-protelco.fr\/wp-content\/uploads\/2013\/05\/PDF.png?resize=52%2C52&amp;ssl=1\" alt=\"\" width=\"52\" height=\"52\" \/><\/a><\/h1>\n<p><object class=\"vanilla-pdf-embed\" data=\"https:\/\/www.cgt-protelco.fr\/wp-content\/uploads\/2026\/04\/Communique-section-CGT-Protelco-reunion-2-NAO-2026-V1.pdf#page=1&#038;view=FitH\" type=\"application\/pdf\" width=\"100%\" height=\"500em\"><p><a href=\"https:\/\/www.cgt-protelco.fr\/wp-content\/uploads\/2026\/04\/Communique-section-CGT-Protelco-reunion-2-NAO-2026-V1.pdf\">Download the PDF file .<\/a><\/p><\/object><\/p>\n","protected":false},"excerpt":{"rendered":"<p>\ud83d\udce2 NAO 2026 &#8211; R\u00e9union n\u00b02 : La Direction cherche des excuses, la CGT maintient la pression ! Bonjour \u00e0 tous, Camarades, Coll\u00e8gues, La deuxi\u00e8me r\u00e9union de n\u00e9gociation de nos NAO 2026 vient de s&rsquo;achever. Le constat est sans appel : face \u00e0 une Direction qui tente de gagner du temps et un tandem FO-CFTC [&hellip;]<\/p>\n","protected":false},"author":1,"featured_media":0,"comment_status":"closed","ping_status":"open","sticky":false,"template":"","format":"standard","meta":{"episode_type":"audio","audio_file":"","podmotor_file_id":"","podmotor_episode_id":"","cover_image":"","cover_image_id":"","duration":"","filesize":"","filesize_raw":"","date_recorded":"","explicit":"","block":"","jetpack_post_was_ever_published":false,"_jetpack_newsletter_access":"","_jetpack_dont_email_post_to_subs":false,"_jetpack_newsletter_tier_id":0,"_jetpack_memberships_contains_paywalled_content":false,"_jetpack_memberships_contains_paid_content":false,"footnotes":"","jetpack_publicize_message":"","jetpack_publicize_feature_enabled":true,"jetpack_social_post_already_shared":true,"jetpack_social_options":{"image_generator_settings":{"template":"highway","default_image_id":0,"font":"","enabled":false},"version":2}},"categories":[28,12],"tags":[25],"series":[],"class_list":["post-148995","post","type-post","status-publish","format-standard","hentry","category-nao-salaire-2026","category-news","tag-greves"],"episode_featured_image":false,"episode_player_image":"https:\/\/i0.wp.com\/www.cgt-protelco.fr\/wp-content\/uploads\/2025\/11\/Protelcast-11-2025.png?fit=1400%2C1400&ssl=1","download_link":"","player_link":"","audio_player":false,"episode_data":{"playerMode":"dark","subscribeUrls":[],"rssFeedUrl":"https:\/\/www.cgt-protelco.fr\/?feed=podcast&podcast_series=cgt-protelco-protelcast","embedCode":"<blockquote class=\"wp-embedded-content\" data-secret=\"qqauHwcD4J\"><a href=\"https:\/\/www.cgt-protelco.fr\/?p=148995\">Communiqu\u00e9 CGT PROTELCO du 15 avril 2026. \ud83d\udce2 NAO 2026 &#8211; R\u00e9union n\u00b02 : La Direction cherche des excuses, la CGT maintient la pression !<\/a><\/blockquote><iframe sandbox=\"allow-scripts\" security=\"restricted\" src=\"https:\/\/www.cgt-protelco.fr\/?p=148995&#038;embed=true#?secret=qqauHwcD4J\" width=\"500\" height=\"350\" title=\"\u00ab\u00a0Communiqu\u00e9 CGT PROTELCO du 15 avril 2026. \ud83d\udce2 NAO 2026 &#8211; R\u00e9union n\u00b02 : La Direction cherche des excuses, la CGT maintient la pression !\u00a0\u00bb &#8212; CGT Protelco\" data-secret=\"qqauHwcD4J\" frameborder=\"0\" marginwidth=\"0\" marginheight=\"0\" scrolling=\"no\" class=\"wp-embedded-content\"><\/iframe><script type=\"text\/javascript\">\n\/* <![CDATA[ *\/\n\/*! This file is auto-generated *\/\n!function(d,l){\"use strict\";l.querySelector&&d.addEventListener&&\"undefined\"!=typeof URL&&(d.wp=d.wp||{},d.wp.receiveEmbedMessage||(d.wp.receiveEmbedMessage=function(e){var t=e.data;if((t||t.secret||t.message||t.value)&&!\/[^a-zA-Z0-9]\/.test(t.secret)){for(var s,r,n,a=l.querySelectorAll('iframe[data-secret=\"'+t.secret+'\"]'),o=l.querySelectorAll('blockquote[data-secret=\"'+t.secret+'\"]'),c=new RegExp(\"^https?:$\",\"i\"),i=0;i<o.length;i++)o[i].style.display=\"none\";for(i=0;i<a.length;i++)s=a[i],e.source===s.contentWindow&&(s.removeAttribute(\"style\"),\"height\"===t.message?(1e3<(r=parseInt(t.value,10))?r=1e3:~~r<200&&(r=200),s.height=r):\"link\"===t.message&&(r=new URL(s.getAttribute(\"src\")),n=new URL(t.value),c.test(n.protocol))&&n.host===r.host&&l.activeElement===s&&(d.top.location.href=t.value))}},d.addEventListener(\"message\",d.wp.receiveEmbedMessage,!1),l.addEventListener(\"DOMContentLoaded\",function(){for(var e,t,s=l.querySelectorAll(\"iframe.wp-embedded-content\"),r=0;r<s.length;r++)(t=(e=s[r]).getAttribute(\"data-secret\"))||(t=Math.random().toString(36).substring(2,12),e.src+=\"#?secret=\"+t,e.setAttribute(\"data-secret\",t)),e.contentWindow.postMessage({message:\"ready\",secret:t},\"*\")},!1)))}(window,document);\n\/\/# sourceURL=https:\/\/www.cgt-protelco.fr\/wp-includes\/js\/wp-embed.min.js\n\/* ]]> *\/\n<\/script>\n"},"jetpack_publicize_connections":[],"jetpack_featured_media_url":"","jetpack_sharing_enabled":true,"jetpack_shortlink":"https:\/\/wp.me\/pfqRqW-CL9","jetpack-related-posts":[{"id":149000,"url":"https:\/\/www.cgt-protelco.fr\/?p=149000","url_meta":{"origin":148995,"position":0},"title":"Communiqu\u00e9 CGT PROTELCO du 28 avril 2026. \ud83d\udce2 NAO 2026 &#8211; R\u00e9union n\u00b03 : La Direction distribue des miettes, qu&rsquo;allons-nous faire ?","author":"eCGT","date":"29 avril 2026","format":false,"excerpt":"Bonjour \u00e0 tous, \ud83d\udce2 NAO 2026 - R\u00e9union n\u00b03 : La Direction distribue des miettes, qu'allons-nous faire ? Camarades, Coll\u00e8gues, Ce matin s'est tenue la 3\u00e8me r\u00e9union de n\u00e9gociation de nos NAO 2026. Fid\u00e8le \u00e0 ses habitudes de m\u00e9pris du dialogue social, la direction ne nous a m\u00eame pas fourni\u2026","rel":"","context":"Dans &quot;NAO Salaire 2026&quot;","block_context":{"text":"NAO Salaire 2026","link":"https:\/\/www.cgt-protelco.fr\/?cat=28"},"img":{"alt_text":"","src":"https:\/\/i0.wp.com\/www.cgt-protelco.fr\/wp-content\/uploads\/2026\/04\/QR-code-Consultation-NAO-2026-150x150.jpeg?resize=350%2C200&ssl=1","width":350,"height":200},"classes":[]},{"id":148990,"url":"https:\/\/www.cgt-protelco.fr\/?p=148990","url_meta":{"origin":148995,"position":1},"title":"Communiqu\u00e9 CGT PROTELCO du 09 avril 2026. \ud83d\udd34 NAO : LA DIRECTION SE MOQUE DE NOUS !","author":"eCGT","date":"9 avril 2026","format":false,"excerpt":"Bonjour \u00e0 tous, Camarades, Coll\u00e8gues, \ud83d\udd34 NAO : LA DIRECTION SE MOQUE DE NOUS ! Le coup d'envoi des N\u00e9gociations Annuelles Obligatoires (NAO) a \u00e9t\u00e9 donn\u00e9, et le moins que l'on puisse dire, c'est que la direction n'est pas \u00e0 la hauteur de nos efforts. La proposition actuelle ? Une\u2026","rel":"","context":"Dans &quot;NAO Salaire 2026&quot;","block_context":{"text":"NAO Salaire 2026","link":"https:\/\/www.cgt-protelco.fr\/?cat=28"},"img":{"alt_text":"","src":"https:\/\/i0.wp.com\/www.cgt-protelco.fr\/wp-content\/uploads\/2025\/10\/Image-com-CGT-protelco-2025-300x300.png?resize=350%2C200&ssl=1","width":350,"height":200},"classes":[]},{"id":148986,"url":"https:\/\/www.cgt-protelco.fr\/?p=148986","url_meta":{"origin":148995,"position":2},"title":"Communiqu\u00e9 CGT PROTELCO du 09 avril 2026. Ouverture des n\u00e9gociations sur les salaires et le temps de travail","author":"eCGT","date":"9 avril 2026","format":false,"excerpt":"Bonjour \u00e0 tous, Camarades, Coll\u00e8gues, L\u2019heure n\u2019est plus aux courbettes. Alors que l\u2019inflation repart \u00e0 la hausse (1,7 % en mars) et que les prix de l'\u00e9nergie explosent de plus de 7 %, notre pouvoir d\u2019achat fond \u00e0 vue d'\u0153il. Pendant ce temps, le Groupe Iliad engrange les profits gr\u00e2ce\u2026","rel":"","context":"Dans &quot;NAO Salaire 2026&quot;","block_context":{"text":"NAO Salaire 2026","link":"https:\/\/www.cgt-protelco.fr\/?cat=28"},"img":{"alt_text":"","src":"https:\/\/i0.wp.com\/www.cgt-protelco.fr\/wp-content\/uploads\/2025\/10\/Image-com-CGT-protelco-2025-300x300.png?resize=350%2C200&ssl=1","width":350,"height":200},"classes":[]},{"id":148974,"url":"https:\/\/www.cgt-protelco.fr\/?p=148974","url_meta":{"origin":148995,"position":3},"title":"Communiqu\u00e9 CGT PROTELCO du 06 F\u00e9vrier 2026. R\u00e9clamation CSE janvier 2026","author":"eCGT","date":"6 f\u00e9vrier 2026","format":false,"excerpt":"Bonjour \u00e0 tous, Voici les r\u00e9ponses de la direction \u00e0 de nombreuses questions qui nous sont parvenues. Soyons unis pour obtenir des avanc\u00e9es sociales et am\u00e9liorer notre quotidien ! Le Collectif F\u00e9d\u00e9ral CGT FAPT de Protelco https:\/\/www.cgt-protelco.fr\/wp-content\/uploads\/2026\/02\/Reclamations-CGT-CSE-du-29-janvier-2026-V2.pdf","rel":"","context":"Dans &quot;News&quot;","block_context":{"text":"News","link":"https:\/\/www.cgt-protelco.fr\/?cat=12"},"img":{"alt_text":"","src":"https:\/\/i0.wp.com\/www.cgt-protelco.fr\/wp-content\/uploads\/2025\/10\/Image-com-CGT-protelco-2025-300x300.png?resize=350%2C200&ssl=1","width":350,"height":200},"classes":[]},{"id":148968,"url":"https:\/\/www.cgt-protelco.fr\/?p=148968","url_meta":{"origin":148995,"position":4},"title":"Communiqu\u00e9 CGT PROTELCO du 06 f\u00e9vrier 2026","author":"eCGT","date":"6 f\u00e9vrier 2026","format":false,"excerpt":"Bonjour \u00e0 tous, Vous l\u2019attendiez en janvier, mais le terrain nous a rattrap\u00e9s ! L\u2019actualit\u00e9 chez Protelco est si riche et intense en ce d\u00e9but d\u2019ann\u00e9e que l\u2019enregistrement de notre podcast a pris un peu de retard. Pas d\u2019inqui\u00e9tude, les micros chauffent d\u00e9j\u00e0. Pour vous faire patienter et vous tenir\u2026","rel":"","context":"Dans &quot;Fusion Protelco\/MCRA&quot;","block_context":{"text":"Fusion Protelco\/MCRA","link":"https:\/\/www.cgt-protelco.fr\/?cat=27"},"img":{"alt_text":"","src":"https:\/\/i0.wp.com\/www.cgt-protelco.fr\/wp-content\/uploads\/2025\/10\/Image-com-CGT-protelco-2025-300x300.png?resize=350%2C200&ssl=1","width":350,"height":200},"classes":[]},{"id":148979,"url":"https:\/\/www.cgt-protelco.fr\/?p=148979","url_meta":{"origin":148995,"position":5},"title":"Protelcast Saison 2 \u00c9pisode 13","author":"eCGT","date":"1 avril 2026","format":"audio","excerpt":"Bonjour \u00e0 toutes et \u00e0 tous ! Bienvenue dans ce 13\u00e8me \u00e9pisode de la saison 2 du Protelcast. On ne l\u00e2che rien : notre mission reste la m\u00eame, porter votre voix et vous apporter des r\u00e9ponses concr\u00e8tes. Dans cet \u00e9pisode, nous faisons le point sur les derni\u00e8res r\u00e9unions, et plus\u2026","rel":"","context":"Dans &quot;Protelcast&quot;","block_context":{"text":"Protelcast","link":"https:\/\/www.cgt-protelco.fr\/?cat=13"},"img":{"alt_text":"","src":"https:\/\/i0.wp.com\/www.cgt-protelco.fr\/wp-content\/uploads\/2025\/10\/Logo-protelcast-2025-r2.png?resize=350%2C200&ssl=1","width":350,"height":200},"classes":[]}],"jetpack_likes_enabled":true,"_links":{"self":[{"href":"https:\/\/www.cgt-protelco.fr\/index.php?rest_route=\/wp\/v2\/posts\/148995","targetHints":{"allow":["GET"]}}],"collection":[{"href":"https:\/\/www.cgt-protelco.fr\/index.php?rest_route=\/wp\/v2\/posts"}],"about":[{"href":"https:\/\/www.cgt-protelco.fr\/index.php?rest_route=\/wp\/v2\/types\/post"}],"author":[{"embeddable":true,"href":"https:\/\/www.cgt-protelco.fr\/index.php?rest_route=\/wp\/v2\/users\/1"}],"replies":[{"embeddable":true,"href":"https:\/\/www.cgt-protelco.fr\/index.php?rest_route=%2Fwp%2Fv2%2Fcomments&post=148995"}],"version-history":[{"count":1,"href":"https:\/\/www.cgt-protelco.fr\/index.php?rest_route=\/wp\/v2\/posts\/148995\/revisions"}],"predecessor-version":[{"id":148998,"href":"https:\/\/www.cgt-protelco.fr\/index.php?rest_route=\/wp\/v2\/posts\/148995\/revisions\/148998"}],"wp:attachment":[{"href":"https:\/\/www.cgt-protelco.fr\/index.php?rest_route=%2Fwp%2Fv2%2Fmedia&parent=148995"}],"wp:term":[{"taxonomy":"category","embeddable":true,"href":"https:\/\/www.cgt-protelco.fr\/index.php?rest_route=%2Fwp%2Fv2%2Fcategories&post=148995"},{"taxonomy":"post_tag","embeddable":true,"href":"https:\/\/www.cgt-protelco.fr\/index.php?rest_route=%2Fwp%2Fv2%2Ftags&post=148995"},{"taxonomy":"series","embeddable":true,"href":"https:\/\/www.cgt-protelco.fr\/index.php?rest_route=%2Fwp%2Fv2%2Fseries&post=148995"}],"curies":[{"name":"wp","href":"https:\/\/api.w.org\/{rel}","templated":true}]}}