{"id":149000,"date":"2026-04-29T09:06:02","date_gmt":"2026-04-29T07:06:02","guid":{"rendered":"https:\/\/www.cgt-protelco.fr\/?p=149000"},"modified":"2026-04-29T09:06:02","modified_gmt":"2026-04-29T07:06:02","slug":"news-speciale-election-cse-3-2-2-4-2-2-2-2-2-2-2-2-2-2-2-3-2-2-2-2","status":"publish","type":"post","link":"https:\/\/www.cgt-protelco.fr\/?p=149000","title":{"rendered":"Communiqu\u00e9 CGT PROTELCO du 28 avril 2026. \ud83d\udce2 NAO 2026 &#8211; R\u00e9union n\u00b03 : La Direction distribue des miettes, qu&rsquo;allons-nous faire ?"},"content":{"rendered":"<p>Bonjour \u00e0 tous,<\/p>\n<div id=\"model-response-message-contentr_7a77c0916ef2e41a\" class=\"markdown markdown-main-panel stronger enable-updated-hr-color\" dir=\"ltr\" aria-live=\"polite\" aria-busy=\"false\">\n<div id=\"model-response-message-contentr_b92d0cc60a3c3fd6\" class=\"markdown markdown-main-panel stronger enable-updated-hr-color\" dir=\"ltr\" aria-live=\"polite\" aria-busy=\"false\">\n<p id=\"p-rc_59a297e7a275512b-53\" data-path-to-node=\"2\"><span data-path-to-node=\"2,1\"><span class=\"citation-33\">\ud83d\udce2 NAO 2026 &#8211; R\u00e9union n\u00b03 : La Direction distribue des miettes, qu&rsquo;allons-nous faire ? <\/span><\/span><\/p>\n<p id=\"p-rc_59a297e7a275512b-54\" data-path-to-node=\"4\"><span data-path-to-node=\"4,0\"><b data-path-to-node=\"4,0\" data-index-in-node=\"0\"><span class=\"citation-32\">Camarades, Coll\u00e8gues,<\/span><\/b> <\/span><\/p>\n<p id=\"p-rc_59a297e7a275512b-55\" data-path-to-node=\"5\"><span data-path-to-node=\"5,1\"><span class=\"citation-31\">Ce matin s&rsquo;est tenue la 3\u00e8me r\u00e9union de n\u00e9gociation de nos NAO 2026<\/span><\/span><span data-path-to-node=\"5,3\">. <\/span><span data-path-to-node=\"5,5\"><span class=\"citation-30\">Fid\u00e8le \u00e0 ses habitudes de m\u00e9pris du dialogue social, la direction ne nous a m\u00eame pas fourni le projet d&rsquo;accord en amont pour le pr\u00e9parer<\/span><\/span><span data-path-to-node=\"5,7\">. <\/span><span data-path-to-node=\"5,9\"><span class=\"citation-29\">Au nom de la CGT FAPT Protelco, nous avons port\u00e9 des revendications fortes, mais le compte n&rsquo;y est pas : les propositions de la direction sont tr\u00e8s loin de vos besoins r\u00e9els<\/span><\/span><span data-path-to-node=\"5,11\">!<\/span><\/p>\n<p data-path-to-node=\"6\">D\u00e9couvrez dans notre communiqu\u00e9 d\u00e9taill\u00e9 la r\u00e9alit\u00e9 des annonces de la direction :<\/p>\n<ul data-path-to-node=\"7\">\n<li>\n<p id=\"p-rc_59a297e7a275512b-56\" data-path-to-node=\"7,0,1\"><span data-path-to-node=\"7,0,1,0\"><b data-path-to-node=\"7,0,1,0\" data-index-in-node=\"0\"><span class=\"citation-28\">L&rsquo;aum\u00f4ne sur les salaires :<\/span><\/b><span class=\"citation-28\"> La direction limite l&rsquo;enveloppe globale \u00e0 1,74 % de la masse salariale<\/span><\/span><span data-path-to-node=\"7,0,1,2\">. <\/span><span data-path-to-node=\"7,0,1,4\"><span class=\"citation-27\">Elle propose des augmentations collectives d\u00e9risoires (de 30 \u20ac \u00e0 40 \u20ac pour le Groupe C), loin de notre exigence d&rsquo;un talon fixe de 60 \u20ac bruts par mois<\/span><\/span><span data-path-to-node=\"7,0,1,6\">. <\/span><span data-path-to-node=\"7,0,1,8\"><span class=\"citation-26\">Pire, les embauch\u00e9s de 2026, les alternants et les stagiaires sont purement et simplement exclus de ces augmentations<\/span><\/span><span data-path-to-node=\"7,0,1,10\">.<\/span><\/p>\n<\/li>\n<li>\n<p id=\"p-rc_59a297e7a275512b-57\" data-path-to-node=\"7,1,1\"><span data-path-to-node=\"7,1,1,0\"><b data-path-to-node=\"7,1,1,0\" data-index-in-node=\"0\"><span class=\"citation-25\">Prime Carburant au rabais :<\/span><\/b><span class=\"citation-25\"> La direction propose une prime forfaitaire exceptionnelle de 50 \u20ac par an, sous conditions<\/span><\/span><span data-path-to-node=\"7,1,1,2\">. <\/span><span data-path-to-node=\"7,1,1,4\"><span class=\"citation-24\">Une v\u00e9ritable goutte d&rsquo;eau, d&rsquo;autant que cette prime b\u00e9n\u00e9ficie d&rsquo;un cadre fiscal avantageux et ne g\u00e9n\u00e8re aucun co\u00fbt pour l&rsquo;entreprise<\/span><\/span><span data-path-to-node=\"7,1,1,6\">.<\/span><\/p>\n<\/li>\n<li>\n<p id=\"p-rc_59a297e7a275512b-58\" data-path-to-node=\"7,2,1\"><span data-path-to-node=\"7,2,1,0\"><b data-path-to-node=\"7,2,1,0\" data-index-in-node=\"0\"><span class=\"citation-23\">Prime de d\u00e9part \u00e0 la retraite (le coup bas \u00e9vit\u00e9) :<\/span><\/b><span class=\"citation-23\"> Nous avons bloqu\u00e9 une man\u0153uvre inacceptable de la direction qui voulait r\u00e9duire la prime des salari\u00e9s ayant plus de 10 ans d&rsquo;anciennet\u00e9 pour financer les autres<\/span><\/span><span data-path-to-node=\"7,2,1,2\">.<\/span><\/p>\n<\/li>\n<li>\n<p id=\"p-rc_59a297e7a275512b-59\" data-path-to-node=\"7,3,1\"><span data-path-to-node=\"7,3,1,0\"><b data-path-to-node=\"7,3,1,0\" data-index-in-node=\"0\"><span class=\"citation-22\">Cong\u00e9s exceptionnels :<\/span><\/b><span class=\"citation-22\"> Nous n&rsquo;avons rien l\u00e2ch\u00e9 et avons obtenu une journ\u00e9e suppl\u00e9mentaire r\u00e9mun\u00e9r\u00e9e pour les mariages et les PACS<\/span><\/span><span data-path-to-node=\"7,3,1,2\">.<\/span><\/p>\n<\/li>\n<\/ul>\n<p id=\"p-rc_59a297e7a275512b-60\" data-path-to-node=\"9\"><span data-path-to-node=\"9,0\"><b data-path-to-node=\"9,0\" data-index-in-node=\"0\"><span class=\"citation-21\">Et maintenant, c&rsquo;est \u00e0 vous de d\u00e9cider !<\/span><\/b> <\/span><span data-path-to-node=\"9,3\"><span class=\"citation-20\">Face \u00e0 une enveloppe de 1,74 % et une prime carburant de 50 \u20ac, estimez-vous que votre travail soit reconnu \u00e0 sa juste valeur ? <\/span><\/span><span data-path-to-node=\"9,6\"><span class=\"citation-19\">Les n\u00e9gociations ne s&rsquo;arr\u00eateront pas l\u00e0 si nous d\u00e9cidons, ensemble, de nous mobiliser<\/span><\/span><span data-path-to-node=\"9,8\">.<\/span><\/p>\n<p id=\"p-rc_59a297e7a275512b-61\" data-path-to-node=\"10\"><span data-path-to-node=\"10,1\"><span class=\"citation-18\">\ud83d\udc47 <\/span><b data-path-to-node=\"10,1\" data-index-in-node=\"3\"><span class=\"citation-18\">Consultez le communiqu\u00e9 complet ci-dessous et scannez le QR code pour donner votre avis via notre formulaire de consultation !<\/span><\/b> <\/span><\/p>\n<p data-path-to-node=\"10\"><a href=\"https:\/\/forms.gle\/HxoB5419PHB7oZ5d6\"><img data-recalc-dims=\"1\" loading=\"lazy\" decoding=\"async\" data-attachment-id=\"149002\" data-permalink=\"https:\/\/www.cgt-protelco.fr\/?attachment_id=149002\" data-orig-file=\"https:\/\/i0.wp.com\/www.cgt-protelco.fr\/wp-content\/uploads\/2026\/04\/QR-code-Consultation-NAO-2026.jpeg?fit=163%2C163&amp;ssl=1\" data-orig-size=\"163,163\" data-comments-opened=\"1\" data-image-meta=\"{&quot;aperture&quot;:&quot;0&quot;,&quot;credit&quot;:&quot;&quot;,&quot;camera&quot;:&quot;&quot;,&quot;caption&quot;:&quot;&quot;,&quot;created_timestamp&quot;:&quot;0&quot;,&quot;copyright&quot;:&quot;&quot;,&quot;focal_length&quot;:&quot;0&quot;,&quot;iso&quot;:&quot;0&quot;,&quot;shutter_speed&quot;:&quot;0&quot;,&quot;title&quot;:&quot;&quot;,&quot;orientation&quot;:&quot;0&quot;}\" data-image-title=\"QR code Consultation NAO 2026\" data-image-description=\"\" data-image-caption=\"\" data-large-file=\"https:\/\/i0.wp.com\/www.cgt-protelco.fr\/wp-content\/uploads\/2026\/04\/QR-code-Consultation-NAO-2026.jpeg?fit=163%2C163&amp;ssl=1\" class=\" wp-image-149002 aligncenter\" src=\"https:\/\/i0.wp.com\/www.cgt-protelco.fr\/wp-content\/uploads\/2026\/04\/QR-code-Consultation-NAO-2026.jpeg?resize=217%2C217&#038;ssl=1\" alt=\"\" width=\"217\" height=\"217\" srcset=\"https:\/\/i0.wp.com\/www.cgt-protelco.fr\/wp-content\/uploads\/2026\/04\/QR-code-Consultation-NAO-2026.jpeg?resize=150%2C150&amp;ssl=1 150w, https:\/\/i0.wp.com\/www.cgt-protelco.fr\/wp-content\/uploads\/2026\/04\/QR-code-Consultation-NAO-2026.jpeg?w=163&amp;ssl=1 163w\" sizes=\"auto, (max-width: 217px) 100vw, 217px\" \/><\/a><\/p>\n<p id=\"p-rc_59a297e7a275512b-62\" data-path-to-node=\"12\">\n<\/div>\n<\/div>\n<h2 style=\"text-align: center;\"><a href=\"https:\/\/adhesionfapt.lacgt.fr\/\"><span data-path-to-node=\"12,0\"><b data-path-to-node=\"12,0\" data-index-in-node=\"0\"><span class=\"citation-17\">Syndiquez vous, rejoignez la CGT FAPT !<\/span><\/b><\/span><img data-recalc-dims=\"1\" loading=\"lazy\" decoding=\"async\" data-attachment-id=\"148936\" data-permalink=\"https:\/\/www.cgt-protelco.fr\/?attachment_id=148936\" data-orig-file=\"https:\/\/i0.wp.com\/www.cgt-protelco.fr\/wp-content\/uploads\/2025\/10\/Image-com-CGT-protelco-2025.png?fit=1024%2C1024&amp;ssl=1\" data-orig-size=\"1024,1024\" data-comments-opened=\"1\" data-image-meta=\"{&quot;aperture&quot;:&quot;0&quot;,&quot;credit&quot;:&quot;&quot;,&quot;camera&quot;:&quot;&quot;,&quot;caption&quot;:&quot;&quot;,&quot;created_timestamp&quot;:&quot;0&quot;,&quot;copyright&quot;:&quot;&quot;,&quot;focal_length&quot;:&quot;0&quot;,&quot;iso&quot;:&quot;0&quot;,&quot;shutter_speed&quot;:&quot;0&quot;,&quot;title&quot;:&quot;&quot;,&quot;orientation&quot;:&quot;0&quot;}\" data-image-title=\"Image com CGT protelco 2025\" data-image-description=\"\" data-image-caption=\"\" data-large-file=\"https:\/\/i0.wp.com\/www.cgt-protelco.fr\/wp-content\/uploads\/2025\/10\/Image-com-CGT-protelco-2025.png?fit=1024%2C1024&amp;ssl=1\" class=\"aligncenter wp-image-148936 size-medium\" src=\"https:\/\/i0.wp.com\/www.cgt-protelco.fr\/wp-content\/uploads\/2025\/10\/Image-com-CGT-protelco-2025.png?resize=300%2C300&#038;ssl=1\" alt=\"\" width=\"300\" height=\"300\" srcset=\"https:\/\/i0.wp.com\/www.cgt-protelco.fr\/wp-content\/uploads\/2025\/10\/Image-com-CGT-protelco-2025.png?resize=300%2C300&amp;ssl=1 300w, https:\/\/i0.wp.com\/www.cgt-protelco.fr\/wp-content\/uploads\/2025\/10\/Image-com-CGT-protelco-2025.png?resize=150%2C150&amp;ssl=1 150w, https:\/\/i0.wp.com\/www.cgt-protelco.fr\/wp-content\/uploads\/2025\/10\/Image-com-CGT-protelco-2025.png?resize=768%2C768&amp;ssl=1 768w, https:\/\/i0.wp.com\/www.cgt-protelco.fr\/wp-content\/uploads\/2025\/10\/Image-com-CGT-protelco-2025.png?w=1024&amp;ssl=1 1024w\" sizes=\"auto, (max-width: 300px) 100vw, 300px\" \/><\/a><a href=\"https:\/\/www.cgt-protelco.fr\/wp-content\/uploads\/2026\/04\/Communique-section-CGT-Protelco-reunion-3-NAO-2026-V2.pdf\"><img loading=\"lazy\" decoding=\"async\" class=\"aligncenter\" src=\"https:\/\/i0.wp.com\/www.cgt-protelco.fr\/wp-content\/uploads\/2013\/05\/PDF.png?resize=52%2C52&amp;ssl=1\" alt=\"\" width=\"52\" height=\"52\" \/><\/a><\/h2>\n<p><object class=\"vanilla-pdf-embed\" data=\"https:\/\/www.cgt-protelco.fr\/wp-content\/uploads\/2026\/04\/Communique-section-CGT-Protelco-reunion-3-NAO-2026-V2.pdf#page=1&#038;view=FitH\" type=\"application\/pdf\" width=\"100%\" height=\"500em\"><p><a href=\"https:\/\/www.cgt-protelco.fr\/wp-content\/uploads\/2026\/04\/Communique-section-CGT-Protelco-reunion-3-NAO-2026-V2.pdf\">Download the PDF file .<\/a><\/p><\/object><\/p>\n","protected":false},"excerpt":{"rendered":"<p>Bonjour \u00e0 tous, \ud83d\udce2 NAO 2026 &#8211; R\u00e9union n\u00b03 : La Direction distribue des miettes, qu&rsquo;allons-nous faire ? Camarades, Coll\u00e8gues, Ce matin s&rsquo;est tenue la 3\u00e8me r\u00e9union de n\u00e9gociation de nos NAO 2026. Fid\u00e8le \u00e0 ses habitudes de m\u00e9pris du dialogue social, la direction ne nous a m\u00eame pas fourni le projet d&rsquo;accord en amont [&hellip;]<\/p>\n","protected":false},"author":1,"featured_media":0,"comment_status":"closed","ping_status":"open","sticky":false,"template":"","format":"standard","meta":{"episode_type":"audio","audio_file":"","podmotor_file_id":"","podmotor_episode_id":"","cover_image":"","cover_image_id":"","duration":"","filesize":"","filesize_raw":"","date_recorded":"","explicit":"","block":"","jetpack_post_was_ever_published":false,"_jetpack_newsletter_access":"","_jetpack_dont_email_post_to_subs":false,"_jetpack_newsletter_tier_id":0,"_jetpack_memberships_contains_paywalled_content":false,"_jetpack_memberships_contains_paid_content":false,"footnotes":"","jetpack_publicize_message":"","jetpack_publicize_feature_enabled":true,"jetpack_social_post_already_shared":true,"jetpack_social_options":{"image_generator_settings":{"template":"highway","default_image_id":0,"font":"","enabled":false},"version":2}},"categories":[28,12],"tags":[25],"series":[],"class_list":["post-149000","post","type-post","status-publish","format-standard","hentry","category-nao-salaire-2026","category-news","tag-greves"],"episode_featured_image":false,"episode_player_image":"https:\/\/i0.wp.com\/www.cgt-protelco.fr\/wp-content\/uploads\/2025\/11\/Protelcast-11-2025.png?fit=1400%2C1400&ssl=1","download_link":"","player_link":"","audio_player":false,"episode_data":{"playerMode":"dark","subscribeUrls":[],"rssFeedUrl":"https:\/\/www.cgt-protelco.fr\/?feed=podcast&podcast_series=cgt-protelco-protelcast","embedCode":"<blockquote class=\"wp-embedded-content\" data-secret=\"E6gc00lp5J\"><a href=\"https:\/\/www.cgt-protelco.fr\/?p=149000\">Communiqu\u00e9 CGT PROTELCO du 28 avril 2026. \ud83d\udce2 NAO 2026 &#8211; R\u00e9union n\u00b03 : La Direction distribue des miettes, qu&rsquo;allons-nous faire ?<\/a><\/blockquote><iframe sandbox=\"allow-scripts\" security=\"restricted\" src=\"https:\/\/www.cgt-protelco.fr\/?p=149000&#038;embed=true#?secret=E6gc00lp5J\" width=\"500\" height=\"350\" title=\"\u00ab\u00a0Communiqu\u00e9 CGT PROTELCO du 28 avril 2026. \ud83d\udce2 NAO 2026 &#8211; R\u00e9union n\u00b03 : La Direction distribue des miettes, qu&rsquo;allons-nous faire ?\u00a0\u00bb &#8212; CGT Protelco\" data-secret=\"E6gc00lp5J\" frameborder=\"0\" marginwidth=\"0\" marginheight=\"0\" scrolling=\"no\" class=\"wp-embedded-content\"><\/iframe><script type=\"text\/javascript\">\n\/* <![CDATA[ *\/\n\/*! This file is auto-generated *\/\n!function(d,l){\"use strict\";l.querySelector&&d.addEventListener&&\"undefined\"!=typeof URL&&(d.wp=d.wp||{},d.wp.receiveEmbedMessage||(d.wp.receiveEmbedMessage=function(e){var t=e.data;if((t||t.secret||t.message||t.value)&&!\/[^a-zA-Z0-9]\/.test(t.secret)){for(var s,r,n,a=l.querySelectorAll('iframe[data-secret=\"'+t.secret+'\"]'),o=l.querySelectorAll('blockquote[data-secret=\"'+t.secret+'\"]'),c=new RegExp(\"^https?:$\",\"i\"),i=0;i<o.length;i++)o[i].style.display=\"none\";for(i=0;i<a.length;i++)s=a[i],e.source===s.contentWindow&&(s.removeAttribute(\"style\"),\"height\"===t.message?(1e3<(r=parseInt(t.value,10))?r=1e3:~~r<200&&(r=200),s.height=r):\"link\"===t.message&&(r=new URL(s.getAttribute(\"src\")),n=new URL(t.value),c.test(n.protocol))&&n.host===r.host&&l.activeElement===s&&(d.top.location.href=t.value))}},d.addEventListener(\"message\",d.wp.receiveEmbedMessage,!1),l.addEventListener(\"DOMContentLoaded\",function(){for(var e,t,s=l.querySelectorAll(\"iframe.wp-embedded-content\"),r=0;r<s.length;r++)(t=(e=s[r]).getAttribute(\"data-secret\"))||(t=Math.random().toString(36).substring(2,12),e.src+=\"#?secret=\"+t,e.setAttribute(\"data-secret\",t)),e.contentWindow.postMessage({message:\"ready\",secret:t},\"*\")},!1)))}(window,document);\n\/\/# sourceURL=https:\/\/www.cgt-protelco.fr\/wp-includes\/js\/wp-embed.min.js\n\/* ]]> *\/\n<\/script>\n"},"jetpack_publicize_connections":[],"jetpack_featured_media_url":"","jetpack_sharing_enabled":true,"jetpack_shortlink":"https:\/\/wp.me\/pfqRqW-CLe","jetpack-related-posts":[{"id":148995,"url":"https:\/\/www.cgt-protelco.fr\/?p=148995","url_meta":{"origin":149000,"position":0},"title":"Communiqu\u00e9 CGT PROTELCO du 15 avril 2026. \ud83d\udce2 NAO 2026 &#8211; R\u00e9union n\u00b02 : La Direction cherche des excuses, la CGT maintient la pression !","author":"eCGT","date":"29 avril 2026","format":false,"excerpt":"\ud83d\udce2 NAO 2026 - R\u00e9union n\u00b02 : La Direction cherche des excuses, la CGT maintient la pression ! Bonjour \u00e0 tous, Camarades, Coll\u00e8gues, La deuxi\u00e8me r\u00e9union de n\u00e9gociation de nos NAO 2026 vient de s'achever. Le constat est sans appel : face \u00e0 une Direction qui tente de gagner du\u2026","rel":"","context":"Dans &quot;NAO Salaire 2026&quot;","block_context":{"text":"NAO Salaire 2026","link":"https:\/\/www.cgt-protelco.fr\/?cat=28"},"img":{"alt_text":"","src":"https:\/\/i0.wp.com\/www.cgt-protelco.fr\/wp-content\/uploads\/2025\/10\/Image-com-CGT-protelco-2025-300x300.png?resize=350%2C200&ssl=1","width":350,"height":200},"classes":[]},{"id":148990,"url":"https:\/\/www.cgt-protelco.fr\/?p=148990","url_meta":{"origin":149000,"position":1},"title":"Communiqu\u00e9 CGT PROTELCO du 09 avril 2026. \ud83d\udd34 NAO : LA DIRECTION SE MOQUE DE NOUS !","author":"eCGT","date":"9 avril 2026","format":false,"excerpt":"Bonjour \u00e0 tous, Camarades, Coll\u00e8gues, \ud83d\udd34 NAO : LA DIRECTION SE MOQUE DE NOUS ! Le coup d'envoi des N\u00e9gociations Annuelles Obligatoires (NAO) a \u00e9t\u00e9 donn\u00e9, et le moins que l'on puisse dire, c'est que la direction n'est pas \u00e0 la hauteur de nos efforts. La proposition actuelle ? Une\u2026","rel":"","context":"Dans &quot;NAO Salaire 2026&quot;","block_context":{"text":"NAO Salaire 2026","link":"https:\/\/www.cgt-protelco.fr\/?cat=28"},"img":{"alt_text":"","src":"https:\/\/i0.wp.com\/www.cgt-protelco.fr\/wp-content\/uploads\/2025\/10\/Image-com-CGT-protelco-2025-300x300.png?resize=350%2C200&ssl=1","width":350,"height":200},"classes":[]},{"id":148986,"url":"https:\/\/www.cgt-protelco.fr\/?p=148986","url_meta":{"origin":149000,"position":2},"title":"Communiqu\u00e9 CGT PROTELCO du 09 avril 2026. Ouverture des n\u00e9gociations sur les salaires et le temps de travail","author":"eCGT","date":"9 avril 2026","format":false,"excerpt":"Bonjour \u00e0 tous, Camarades, Coll\u00e8gues, L\u2019heure n\u2019est plus aux courbettes. Alors que l\u2019inflation repart \u00e0 la hausse (1,7 % en mars) et que les prix de l'\u00e9nergie explosent de plus de 7 %, notre pouvoir d\u2019achat fond \u00e0 vue d'\u0153il. Pendant ce temps, le Groupe Iliad engrange les profits gr\u00e2ce\u2026","rel":"","context":"Dans &quot;NAO Salaire 2026&quot;","block_context":{"text":"NAO Salaire 2026","link":"https:\/\/www.cgt-protelco.fr\/?cat=28"},"img":{"alt_text":"","src":"https:\/\/i0.wp.com\/www.cgt-protelco.fr\/wp-content\/uploads\/2025\/10\/Image-com-CGT-protelco-2025-300x300.png?resize=350%2C200&ssl=1","width":350,"height":200},"classes":[]},{"id":148979,"url":"https:\/\/www.cgt-protelco.fr\/?p=148979","url_meta":{"origin":149000,"position":3},"title":"Protelcast Saison 2 \u00c9pisode 13","author":"eCGT","date":"1 avril 2026","format":"audio","excerpt":"Bonjour \u00e0 toutes et \u00e0 tous ! Bienvenue dans ce 13\u00e8me \u00e9pisode de la saison 2 du Protelcast. On ne l\u00e2che rien : notre mission reste la m\u00eame, porter votre voix et vous apporter des r\u00e9ponses concr\u00e8tes. Dans cet \u00e9pisode, nous faisons le point sur les derni\u00e8res r\u00e9unions, et plus\u2026","rel":"","context":"Dans &quot;Protelcast&quot;","block_context":{"text":"Protelcast","link":"https:\/\/www.cgt-protelco.fr\/?cat=13"},"img":{"alt_text":"","src":"https:\/\/i0.wp.com\/www.cgt-protelco.fr\/wp-content\/uploads\/2025\/10\/Logo-protelcast-2025-r2.png?resize=350%2C200&ssl=1","width":350,"height":200},"classes":[]},{"id":148974,"url":"https:\/\/www.cgt-protelco.fr\/?p=148974","url_meta":{"origin":149000,"position":4},"title":"Communiqu\u00e9 CGT PROTELCO du 06 F\u00e9vrier 2026. R\u00e9clamation CSE janvier 2026","author":"eCGT","date":"6 f\u00e9vrier 2026","format":false,"excerpt":"Bonjour \u00e0 tous, Voici les r\u00e9ponses de la direction \u00e0 de nombreuses questions qui nous sont parvenues. Soyons unis pour obtenir des avanc\u00e9es sociales et am\u00e9liorer notre quotidien ! Le Collectif F\u00e9d\u00e9ral CGT FAPT de Protelco https:\/\/www.cgt-protelco.fr\/wp-content\/uploads\/2026\/02\/Reclamations-CGT-CSE-du-29-janvier-2026-V2.pdf","rel":"","context":"Dans &quot;News&quot;","block_context":{"text":"News","link":"https:\/\/www.cgt-protelco.fr\/?cat=12"},"img":{"alt_text":"","src":"https:\/\/i0.wp.com\/www.cgt-protelco.fr\/wp-content\/uploads\/2025\/10\/Image-com-CGT-protelco-2025-300x300.png?resize=350%2C200&ssl=1","width":350,"height":200},"classes":[]},{"id":148968,"url":"https:\/\/www.cgt-protelco.fr\/?p=148968","url_meta":{"origin":149000,"position":5},"title":"Communiqu\u00e9 CGT PROTELCO du 06 f\u00e9vrier 2026","author":"eCGT","date":"6 f\u00e9vrier 2026","format":false,"excerpt":"Bonjour \u00e0 tous, Vous l\u2019attendiez en janvier, mais le terrain nous a rattrap\u00e9s ! L\u2019actualit\u00e9 chez Protelco est si riche et intense en ce d\u00e9but d\u2019ann\u00e9e que l\u2019enregistrement de notre podcast a pris un peu de retard. Pas d\u2019inqui\u00e9tude, les micros chauffent d\u00e9j\u00e0. Pour vous faire patienter et vous tenir\u2026","rel":"","context":"Dans &quot;Fusion Protelco\/MCRA&quot;","block_context":{"text":"Fusion Protelco\/MCRA","link":"https:\/\/www.cgt-protelco.fr\/?cat=27"},"img":{"alt_text":"","src":"https:\/\/i0.wp.com\/www.cgt-protelco.fr\/wp-content\/uploads\/2025\/10\/Image-com-CGT-protelco-2025-300x300.png?resize=350%2C200&ssl=1","width":350,"height":200},"classes":[]}],"jetpack_likes_enabled":true,"_links":{"self":[{"href":"https:\/\/www.cgt-protelco.fr\/index.php?rest_route=\/wp\/v2\/posts\/149000","targetHints":{"allow":["GET"]}}],"collection":[{"href":"https:\/\/www.cgt-protelco.fr\/index.php?rest_route=\/wp\/v2\/posts"}],"about":[{"href":"https:\/\/www.cgt-protelco.fr\/index.php?rest_route=\/wp\/v2\/types\/post"}],"author":[{"embeddable":true,"href":"https:\/\/www.cgt-protelco.fr\/index.php?rest_route=\/wp\/v2\/users\/1"}],"replies":[{"embeddable":true,"href":"https:\/\/www.cgt-protelco.fr\/index.php?rest_route=%2Fwp%2Fv2%2Fcomments&post=149000"}],"version-history":[{"count":8,"href":"https:\/\/www.cgt-protelco.fr\/index.php?rest_route=\/wp\/v2\/posts\/149000\/revisions"}],"predecessor-version":[{"id":149009,"href":"https:\/\/www.cgt-protelco.fr\/index.php?rest_route=\/wp\/v2\/posts\/149000\/revisions\/149009"}],"wp:attachment":[{"href":"https:\/\/www.cgt-protelco.fr\/index.php?rest_route=%2Fwp%2Fv2%2Fmedia&parent=149000"}],"wp:term":[{"taxonomy":"category","embeddable":true,"href":"https:\/\/www.cgt-protelco.fr\/index.php?rest_route=%2Fwp%2Fv2%2Fcategories&post=149000"},{"taxonomy":"post_tag","embeddable":true,"href":"https:\/\/www.cgt-protelco.fr\/index.php?rest_route=%2Fwp%2Fv2%2Ftags&post=149000"},{"taxonomy":"series","embeddable":true,"href":"https:\/\/www.cgt-protelco.fr\/index.php?rest_route=%2Fwp%2Fv2%2Fseries&post=149000"}],"curies":[{"name":"wp","href":"https:\/\/api.w.org\/{rel}","templated":true}]}}